{"id":205,"date":"2026-03-16T12:21:11","date_gmt":"2026-03-16T12:21:11","guid":{"rendered":"https:\/\/blogs.glowscotland.org.uk\/es\/blognagaidhlige\/?p=205"},"modified":"2026-04-16T13:22:51","modified_gmt":"2026-04-16T12:22:51","slug":"seachdain-na-gaidhlig-2026","status":"publish","type":"post","link":"https:\/\/blogs.glowscotland.org.uk\/es\/blognagaidhlige\/2026\/03\/16\/seachdain-na-gaidhlig-2026\/","title":{"rendered":"Seachdain na G\u00e0idhlig 2026"},"content":{"rendered":"<p id=\"paragraph_MkkY1REx3E4\" dir=\"ltr\"><span id=\"text_53-G02WlQlA\" class=\"\">Bha t\u00f2rr a\u2019 dol airson Seachdain na G\u00e0idhlig a chomharrachadh san sgoil.<\/span><\/p>\n<p id=\"paragraph_9rkY1RUx3E4\" dir=\"ltr\"><span id=\"text_MxKjht96hv6\" class=\"\">Th\u00e0inig Joanne MacLennan a-staigh a bhruidhinn ri S1 Luchd-ionnsachaidh agus S2 G\u00e0idhlig mun cholaiste Gh\u00e0idhlig Sabhal M\u00f2r Ostaig anns an Eilean Sgitheanach.<\/span><\/p>\n<p id=\"paragraph_yxkY1Rkx3E4\" dir=\"ltr\"><span id=\"text_gLGb3I2otX2\" class=\"\">Th\u00e0inig Shona MacLellan a-staigh a bhruidhinn ri S2 Luchd-ionnsachaidh mu dheidhinn cothroman obrach ann an saoghal na G\u00e0idhlig<\/span><\/p>\n<p id=\"paragraph_l2lY1R_y3E4\" dir=\"ltr\"><span id=\"text_XKyqk2xps9D\" class=\"\">Bhruidhinn Lisa Reid ri clasaichean G\u00e0idhlig S4-6 mu dheidhinn cho feumail \u2019s a tha G\u00e0idhlig air a bhith anns na h-obraichean eadar-dhealaichte a tha air a bhith aice.<\/span><\/p>\n<p id=\"paragraph_Y9lY1REy3E4\" dir=\"ltr\"><span id=\"text_RNDD1Lvtx89\" class=\"\">Taing mh\u00f2r do Sharon aig DYW airson seo uile a chur air d\u00f2igh.<\/span><\/p>\n<p id=\"paragraph_LGlY1RUy3E4\" dir=\"ltr\"><a href=\"https:\/\/blogs.glowscotland.org.uk\/es\/blognagaidhlige\/2026\/03\/16\/seachdain-na-gaidhlig-2026\/hdt0dj7rj6fsa2\/\" rel=\"attachment wp-att-206\"><img loading=\"lazy\" decoding=\"async\" class=\"alignnone size-medium wp-image-206\" src=\"https:\/\/blogs.glowscotland.org.uk\/es\/public\/blognagaidhlige\/uploads\/sites\/4089\/2026\/04\/16122331\/hdT0DJ7Rj6Fsa2-300x225.jpeg\" alt=\"\" width=\"300\" height=\"225\" srcset=\"https:\/\/blogs.glowscotland.org.uk\/es\/public\/blognagaidhlige\/uploads\/sites\/4089\/2026\/04\/16122331\/hdT0DJ7Rj6Fsa2-300x225.jpeg 300w, https:\/\/blogs.glowscotland.org.uk\/es\/public\/blognagaidhlige\/uploads\/sites\/4089\/2026\/04\/16122331\/hdT0DJ7Rj6Fsa2-1024x768.jpeg 1024w, https:\/\/blogs.glowscotland.org.uk\/es\/public\/blognagaidhlige\/uploads\/sites\/4089\/2026\/04\/16122331\/hdT0DJ7Rj6Fsa2-768x576.jpeg 768w, https:\/\/blogs.glowscotland.org.uk\/es\/public\/blognagaidhlige\/uploads\/sites\/4089\/2026\/04\/16122331\/hdT0DJ7Rj6Fsa2.jpeg 1260w\" sizes=\"auto, (max-width: 300px) 100vw, 300px\" \/><\/a> <a href=\"https:\/\/blogs.glowscotland.org.uk\/es\/blognagaidhlige\/2026\/03\/16\/seachdain-na-gaidhlig-2026\/vsv7xyx3ifgxjm\/\" rel=\"attachment wp-att-207\"><img loading=\"lazy\" decoding=\"async\" class=\"alignnone size-medium wp-image-207\" src=\"https:\/\/blogs.glowscotland.org.uk\/es\/public\/blognagaidhlige\/uploads\/sites\/4089\/2026\/04\/16122335\/VSv7Xyx3ifGXJm-300x225.jpeg\" alt=\"\" width=\"300\" height=\"225\" srcset=\"https:\/\/blogs.glowscotland.org.uk\/es\/public\/blognagaidhlige\/uploads\/sites\/4089\/2026\/04\/16122335\/VSv7Xyx3ifGXJm-300x225.jpeg 300w, https:\/\/blogs.glowscotland.org.uk\/es\/public\/blognagaidhlige\/uploads\/sites\/4089\/2026\/04\/16122335\/VSv7Xyx3ifGXJm-1024x768.jpeg 1024w, https:\/\/blogs.glowscotland.org.uk\/es\/public\/blognagaidhlige\/uploads\/sites\/4089\/2026\/04\/16122335\/VSv7Xyx3ifGXJm-768x576.jpeg 768w, https:\/\/blogs.glowscotland.org.uk\/es\/public\/blognagaidhlige\/uploads\/sites\/4089\/2026\/04\/16122335\/VSv7Xyx3ifGXJm.jpeg 1260w\" sizes=\"auto, (max-width: 300px) 100vw, 300px\" \/><\/a> <a href=\"https:\/\/blogs.glowscotland.org.uk\/es\/blognagaidhlige\/2026\/03\/16\/seachdain-na-gaidhlig-2026\/4umnb3zyba2ovg\/\" rel=\"attachment wp-att-208\"><img loading=\"lazy\" decoding=\"async\" class=\"alignnone size-medium wp-image-208\" src=\"https:\/\/blogs.glowscotland.org.uk\/es\/public\/blognagaidhlige\/uploads\/sites\/4089\/2026\/04\/16122339\/4UMNB3Zyba2oVG-225x300.jpeg\" alt=\"\" width=\"225\" height=\"300\" srcset=\"https:\/\/blogs.glowscotland.org.uk\/es\/public\/blognagaidhlige\/uploads\/sites\/4089\/2026\/04\/16122339\/4UMNB3Zyba2oVG-225x300.jpeg 225w, https:\/\/blogs.glowscotland.org.uk\/es\/public\/blognagaidhlige\/uploads\/sites\/4089\/2026\/04\/16122339\/4UMNB3Zyba2oVG-768x1024.jpeg 768w, https:\/\/blogs.glowscotland.org.uk\/es\/public\/blognagaidhlige\/uploads\/sites\/4089\/2026\/04\/16122339\/4UMNB3Zyba2oVG.jpeg 945w\" sizes=\"auto, (max-width: 225px) 100vw, 225px\" \/><\/a> <a href=\"https:\/\/blogs.glowscotland.org.uk\/es\/blognagaidhlige\/2026\/03\/16\/seachdain-na-gaidhlig-2026\/_4elc8vb8bl4bq\/\" rel=\"attachment wp-att-209\"><img loading=\"lazy\" decoding=\"async\" class=\"alignnone size-medium wp-image-209\" src=\"https:\/\/blogs.glowscotland.org.uk\/es\/public\/blognagaidhlige\/uploads\/sites\/4089\/2026\/04\/16122343\/4ElC8VB8Bl4bQ-300x225.jpeg\" alt=\"\" width=\"300\" height=\"225\" srcset=\"https:\/\/blogs.glowscotland.org.uk\/es\/public\/blognagaidhlige\/uploads\/sites\/4089\/2026\/04\/16122343\/4ElC8VB8Bl4bQ-300x225.jpeg 300w, https:\/\/blogs.glowscotland.org.uk\/es\/public\/blognagaidhlige\/uploads\/sites\/4089\/2026\/04\/16122343\/4ElC8VB8Bl4bQ-1024x768.jpeg 1024w, https:\/\/blogs.glowscotland.org.uk\/es\/public\/blognagaidhlige\/uploads\/sites\/4089\/2026\/04\/16122343\/4ElC8VB8Bl4bQ-768x576.jpeg 768w, https:\/\/blogs.glowscotland.org.uk\/es\/public\/blognagaidhlige\/uploads\/sites\/4089\/2026\/04\/16122343\/4ElC8VB8Bl4bQ.jpeg 1260w\" sizes=\"auto, (max-width: 300px) 100vw, 300px\" \/><\/a> <a href=\"https:\/\/blogs.glowscotland.org.uk\/es\/blognagaidhlige\/2026\/03\/16\/seachdain-na-gaidhlig-2026\/qfzsf_oxmp-f2m\/\" rel=\"attachment wp-att-210\"><img loading=\"lazy\" decoding=\"async\" class=\"alignnone size-medium wp-image-210\" src=\"https:\/\/blogs.glowscotland.org.uk\/es\/public\/blognagaidhlige\/uploads\/sites\/4089\/2026\/04\/16122347\/qFZSf_oXmp-F2M-225x300.jpeg\" alt=\"\" width=\"225\" height=\"300\" srcset=\"https:\/\/blogs.glowscotland.org.uk\/es\/public\/blognagaidhlige\/uploads\/sites\/4089\/2026\/04\/16122347\/qFZSf_oXmp-F2M-225x300.jpeg 225w, https:\/\/blogs.glowscotland.org.uk\/es\/public\/blognagaidhlige\/uploads\/sites\/4089\/2026\/04\/16122347\/qFZSf_oXmp-F2M-768x1024.jpeg 768w, https:\/\/blogs.glowscotland.org.uk\/es\/public\/blognagaidhlige\/uploads\/sites\/4089\/2026\/04\/16122347\/qFZSf_oXmp-F2M.jpeg 945w\" sizes=\"auto, (max-width: 225px) 100vw, 225px\" \/><\/a><\/p>\n<p id=\"paragraph_8NlY1Rky3E4\" dir=\"ltr\"><span id=\"text_5fsKnWHa-EA\" class=\"\">There was lots going on in February to promote Seachdain na G\u00e0idhlig.<\/span><\/p>\n<p id=\"paragraph_xTlY1R_z3E4\" dir=\"ltr\"><span id=\"text_ki1kwh_wVB1\" class=\"\">Joanne MacLennan came in to speak to S1 Gaelic Learners and S2 G\u00e0idhlig about the Gaelic college Sabhal M\u00f2r Ostaig in Skye.<\/span><\/p>\n<p id=\"paragraph__ujY1REv3E4\" dir=\"ltr\"><span id=\"text_oOVplvnz6x9\" class=\"\">Shona MacLellan (RSPB) spoke to S2 Gaelic Learners about Gaelic career opportunities and Lisa Reid spoke to senior classes about how useful Gaelic has been in the different jobs she has had.<\/span><\/p>\n<p id=\"paragraph_n_kY1RUv3E4\" dir=\"ltr\"><span id=\"text_C0XOj3vp5G1\" class=\"\">A huge thank you to Sharon at DYW for arranging for these speakers to come to Sgoil Lionacleit.<\/span><\/p>\n<p dir=\"ltr\">\n<p dir=\"ltr\">\n","protected":false},"excerpt":{"rendered":"<p>Bha t\u00f2rr a\u2019 dol airson Seachdain na G\u00e0idhlig a chomharrachadh san sgoil. Th\u00e0inig Joanne MacLennan a-staigh a bhruidhinn ri S1 Luchd-ionnsachaidh agus S2 G\u00e0idhlig mun cholaiste Gh\u00e0idhlig Sabhal M\u00f2r Ostaig anns an Eilean Sgitheanach. Th\u00e0inig Shona MacLellan a-staigh a bhruidhinn ri S2 Luchd-ionnsachaidh mu dheidhinn cothroman obrach ann an saoghal na G\u00e0idhlig Bhruidhinn Lisa Reid &hellip; <a href=\"https:\/\/blogs.glowscotland.org.uk\/es\/blognagaidhlige\/2026\/03\/16\/seachdain-na-gaidhlig-2026\/\" class=\"more-link\">Continue reading <span class=\"screen-reader-text\">Seachdain na G\u00e0idhlig 2026<\/span><\/a><\/p>\n","protected":false},"author":1429,"featured_media":0,"comment_status":"open","ping_status":"open","sticky":false,"template":"","format":"standard","meta":{"footnotes":""},"categories":[1],"tags":[],"class_list":["post-205","post","type-post","status-publish","format-standard","hentry","category-uncategorized"],"_links":{"self":[{"href":"https:\/\/blogs.glowscotland.org.uk\/es\/blognagaidhlige\/wp-json\/wp\/v2\/posts\/205","targetHints":{"allow":["GET"]}}],"collection":[{"href":"https:\/\/blogs.glowscotland.org.uk\/es\/blognagaidhlige\/wp-json\/wp\/v2\/posts"}],"about":[{"href":"https:\/\/blogs.glowscotland.org.uk\/es\/blognagaidhlige\/wp-json\/wp\/v2\/types\/post"}],"author":[{"embeddable":true,"href":"https:\/\/blogs.glowscotland.org.uk\/es\/blognagaidhlige\/wp-json\/wp\/v2\/users\/1429"}],"replies":[{"embeddable":true,"href":"https:\/\/blogs.glowscotland.org.uk\/es\/blognagaidhlige\/wp-json\/wp\/v2\/comments?post=205"}],"version-history":[{"count":2,"href":"https:\/\/blogs.glowscotland.org.uk\/es\/blognagaidhlige\/wp-json\/wp\/v2\/posts\/205\/revisions"}],"predecessor-version":[{"id":212,"href":"https:\/\/blogs.glowscotland.org.uk\/es\/blognagaidhlige\/wp-json\/wp\/v2\/posts\/205\/revisions\/212"}],"wp:attachment":[{"href":"https:\/\/blogs.glowscotland.org.uk\/es\/blognagaidhlige\/wp-json\/wp\/v2\/media?parent=205"}],"wp:term":[{"taxonomy":"category","embeddable":true,"href":"https:\/\/blogs.glowscotland.org.uk\/es\/blognagaidhlige\/wp-json\/wp\/v2\/categories?post=205"},{"taxonomy":"post_tag","embeddable":true,"href":"https:\/\/blogs.glowscotland.org.uk\/es\/blognagaidhlige\/wp-json\/wp\/v2\/tags?post=205"}],"curies":[{"name":"wp","href":"https:\/\/api.w.org\/{rel}","templated":true}]}}