{"id":203,"date":"2026-03-27T12:20:06","date_gmt":"2026-03-27T12:20:06","guid":{"rendered":"https:\/\/blogs.glowscotland.org.uk\/es\/blognagaidhlige\/?p=203"},"modified":"2026-04-16T12:20:54","modified_gmt":"2026-04-16T11:20:54","slug":"ceolas","status":"publish","type":"post","link":"https:\/\/blogs.glowscotland.org.uk\/es\/blognagaidhlige\/2026\/03\/27\/ceolas\/","title":{"rendered":"Ce\u00f2las"},"content":{"rendered":"<div id=\"container_xTT3HuRnTR4\" class=\"container color_ChapterBackgroundBg \">\n<div id=\"container_5t7dzW31Wj3\" class=\"container \" role=\"heading\">\n<div id=\"container_j_BcctetFC7\" class=\"container  \">\n<div class=\"text_wrapper SubheadingEmph color_TextEmph\">\n<p id=\"paragraph_EnWJDpMX8KA\" dir=\"ltr\">Air 26mh Am M\u00e0rt, fhuair S2 G\u00e0idhlig S2 fiathachadh a dhol a-null gu Taigh-\u00f2sta an DI gus p\u00e0irt a ghabhail ann an tachartas eadar-ghinealach a chaidh a chur air d\u00f2igh le Mary Ann Chaimbeul aig Ce\u00f2las. Bhruidhinn na sgoilearan ri daoine bhon choimhearsnachd mu fhoghlam agus sgoiltean ann an Uibhist agus mar a tha gnothaichean air atharrachadh thairis air na bliadhnachan. B\u2019 e tachartas air leth tlachdmhor a bha seo agus tha sinn taingeil gun d\u2019 fhuair sinn an cothrom p\u00e0irt a ghabhail ann.<\/p>\n<\/div>\n<\/div>\n<\/div>\n<\/div>\n<div id=\"container_sxG-l6jf7Y_\" class=\"container \">\n<div id=\"container_866AUQiLOx6\" class=\"container \">\n<div id=\"container_8w_4BSs_RL0\" class=\"container  \">\n<div class=\"text_wrapper TextBodyNone color_TextUnemph\">\n<p id=\"paragraph_evys14IoeZ7\" dir=\"ltr\">\n<p id=\"paragraph_roys142oeZ7\" dir=\"ltr\"><span id=\"text_61we-6eZbl2\" class=\"\">On March 26 March, the S2 G\u00e0idhlig class was invited to the Dark Island Hotel to take part in an inter-generational event organised by Mary Ann Campbell at Ce\u00f2las. Pupils spoke to members of the community who were in attendance about education and school experiences in Uist over the years. This was a hugely enjoyable event and we are grateful for the invitation.<\/span><\/p>\n<\/div>\n<\/div>\n<\/div>\n<\/div>\n","protected":false},"excerpt":{"rendered":"<p>Air 26mh Am M\u00e0rt, fhuair S2 G\u00e0idhlig S2 fiathachadh a dhol a-null gu Taigh-\u00f2sta an DI gus p\u00e0irt a ghabhail ann an tachartas eadar-ghinealach a chaidh a chur air d\u00f2igh le Mary Ann Chaimbeul aig Ce\u00f2las. Bhruidhinn na sgoilearan ri daoine bhon choimhearsnachd mu fhoghlam agus sgoiltean ann an Uibhist agus mar a tha gnothaichean &hellip; <a href=\"https:\/\/blogs.glowscotland.org.uk\/es\/blognagaidhlige\/2026\/03\/27\/ceolas\/\" class=\"more-link\">Continue reading <span class=\"screen-reader-text\">Ce\u00f2las<\/span><\/a><\/p>\n","protected":false},"author":1429,"featured_media":0,"comment_status":"open","ping_status":"open","sticky":false,"template":"","format":"standard","meta":{"footnotes":""},"categories":[1],"tags":[],"class_list":["post-203","post","type-post","status-publish","format-standard","hentry","category-uncategorized"],"_links":{"self":[{"href":"https:\/\/blogs.glowscotland.org.uk\/es\/blognagaidhlige\/wp-json\/wp\/v2\/posts\/203","targetHints":{"allow":["GET"]}}],"collection":[{"href":"https:\/\/blogs.glowscotland.org.uk\/es\/blognagaidhlige\/wp-json\/wp\/v2\/posts"}],"about":[{"href":"https:\/\/blogs.glowscotland.org.uk\/es\/blognagaidhlige\/wp-json\/wp\/v2\/types\/post"}],"author":[{"embeddable":true,"href":"https:\/\/blogs.glowscotland.org.uk\/es\/blognagaidhlige\/wp-json\/wp\/v2\/users\/1429"}],"replies":[{"embeddable":true,"href":"https:\/\/blogs.glowscotland.org.uk\/es\/blognagaidhlige\/wp-json\/wp\/v2\/comments?post=203"}],"version-history":[{"count":1,"href":"https:\/\/blogs.glowscotland.org.uk\/es\/blognagaidhlige\/wp-json\/wp\/v2\/posts\/203\/revisions"}],"predecessor-version":[{"id":204,"href":"https:\/\/blogs.glowscotland.org.uk\/es\/blognagaidhlige\/wp-json\/wp\/v2\/posts\/203\/revisions\/204"}],"wp:attachment":[{"href":"https:\/\/blogs.glowscotland.org.uk\/es\/blognagaidhlige\/wp-json\/wp\/v2\/media?parent=203"}],"wp:term":[{"taxonomy":"category","embeddable":true,"href":"https:\/\/blogs.glowscotland.org.uk\/es\/blognagaidhlige\/wp-json\/wp\/v2\/categories?post=203"},{"taxonomy":"post_tag","embeddable":true,"href":"https:\/\/blogs.glowscotland.org.uk\/es\/blognagaidhlige\/wp-json\/wp\/v2\/tags?post=203"}],"curies":[{"name":"wp","href":"https:\/\/api.w.org\/{rel}","templated":true}]}}